{"id":8247,"date":"2020-02-19T02:00:37","date_gmt":"2020-02-19T01:00:37","guid":{"rendered":"https:\/\/grupopantoja.com\/?p=8247"},"modified":"2023-01-17T14:19:06","modified_gmt":"2023-01-17T13:19:06","slug":"pegada-de-carbono-como-reduzir-esse-impacto-no-teu-negocio","status":"publish","type":"post","link":"https:\/\/grupopantoja.com\/pt-pt\/pegada-de-carbono-como-reduzir-esse-impacto-no-teu-negocio\/","title":{"rendered":"Pegada de carbono: como reduzir esse impacto no teu neg\u00f3cio"},"content":{"rendered":"<div class=\"wpb-content-wrapper\"><p>[vc_row css_animation=&#8221;&#8221; row_type=&#8221;row&#8221; use_row_as_full_screen_section=&#8221;no&#8221; type=&#8221;full_width&#8221; angled_section=&#8221;no&#8221; text_align=&#8221;left&#8221; background_image_as_pattern=&#8221;without_pattern&#8221;][vc_column][vc_column_text]<strong><br \/>\nA\u00a0<span class=\"Apple-style-span\">pegada de carbono<\/span> \u00e9 um par\u00e2metro que calcula a emiss\u00e3o de <span class=\"Apple-style-span\">carbono que uma empresa, pessoa, atividade, etc, emite na atmosfera. <\/span>Muitas atividades do nosso quotidiano s\u00e3o respons\u00e1veis por grande quantidade de emiss\u00f5es atmosf\u00e9ricas que ocasionam problemas como, por exemplo, o efeito estufa.\u00a0<\/strong><\/p>\n<p><strong> Mas como podemos reduzir as emiss\u00f5es atmosf\u00e9ricas e os efeitos nocivos das nossas atividades quotidianas?\u00a0<\/strong><strong>Aqui, vamos explicar o que \u00e9 pegada de carbono e dar dicas de como diminuir o seu impacto nas atividades do teu neg\u00f3cio.\u00a0<\/strong><\/p>\n<p>[\/vc_column_text][vc_column_text]<\/p>\n<h2 style=\"text-align: justify;\"><span style=\"font-size: 12pt; color: #333333;\"><b>COMO POSSO REDUZIR A PEGADA DE CARBONO DO MEU NEG\u00d3CIO?<\/b><\/span><\/h2>\n<p><span style=\"font-weight: 400;\">Primeiro, \u00e9 conveniente esclarecer o que se entende por <strong>&#8220;pegada de carbono&#8221;<\/strong>.<br \/>\nA pegada de carbono \u00e9 um regulamento criado para medir a quantidade de emiss\u00e3o de gases estufa, que s\u00e3o emitidos na atmosfera durante diversas atividades humanas, como as atividades empresariais, por exemplo.<br \/>\nMudar alguns h\u00e1bitos s\u00e3o essenciais para<strong> diminuir a pegada de carbono<\/strong>, a seguir damos alguns exemplos que pode come\u00e7ar a p\u00f4r em pr\u00e1tica:<br \/>\n<\/span>[\/vc_column_text][unordered_list style=&#8221;circle&#8221; animate=&#8221;no&#8221;]<\/p>\n<ul>\n<li style=\"text-align: justify;\"><b><b>Reduzir o uso de energia. <\/b><\/b>Utilizar l\u00e2mpadas de baixo consumo de energia, programar que alguns equipamentos desliguem-se automaticamente, instruir os colaboradores para a utiliza\u00e7\u00e3o correta dos equipamentos, s\u00e3o alguns dos exemplos que podem ser aplicados para reduzir a pegada de carbono na tua empresa.<\/li>\n<li style=\"text-align: justify;\"><b>Poupar papel. <\/b><span style=\"font-weight: 400;\">\u00c9 mesmo necess\u00e1rio imprimir e arquivar tudo? Uma boa iniciativa \u00e9 criar ficheiros digitais e imprimir apenas o <strong>necess\u00e1rio. <\/strong>Outra dica \u00e9 receber alguns documentos (ex: extrato banc\u00e1rio e faturas) em formato digital, e claro, recicle todo o papel que utilizado!\u00a0<\/span><\/li>\n<li><strong>Recicla! <\/strong>Cada res\u00edduo tem um contentor especial, certifica que todos os colaboradores saibam onde colocar cada um deles e que existam contentores para tal.<\/li>\n<li>Implementar<strong> sistemas de gest\u00e3o ambiental certificada<\/strong>\u00a0pelas normas <strong>ISO<\/strong>.<\/li>\n<li><span style=\"font-weight: 400;\">Se utiliza viaturas no teu neg\u00f3cio, \u00e9 importante que seja feita uma manuten\u00e7\u00e3o adequada e regular. Al\u00e9m disso, o tipo de combust\u00edvel, a pot\u00eancia ou a aerodin\u00e2mica tamb\u00e9m devem ser tidos em conta. No <strong><a href=\"https:\/\/grupopantoja.com\/pt-pt\/\">Grupo Log\u00edstico PANTOJA<\/a><\/strong>, preocup\u00e1mo-nos com as emiss\u00f5es provocadas pelas nossas atividades de log\u00edstica e distribui\u00e7\u00e3o e a cada dia ton\u00e1mo-nos uma <a href=\"https:\/\/grupopantoja.com\/pt-pt\/sustentabilidade-e-empresas-de-transporte\/\">empresa cada vez mais sustent\u00e1vel<\/a>.\u00a0<\/span><\/li>\n<li><strong>Reduzir<\/strong>, sempre que poss\u00edvel, <strong>o uso de combust\u00edvel<\/strong>. A nossa maior aposta para 2020, uma frota mais sustent\u00e1vel com <a href=\"https:\/\/www.facebook.com\/grupopantojaportugal\/photos\/a.113453813416131\/142947717133407\/?type=3&amp;theater\">carrinhas el\u00e9tricas<\/a> ao servi\u00e7o!<\/li>\n<\/ul>\n<p>[\/unordered_list][vc_column_text css=&#8221;.vc_custom_1580218945053{padding-top: 25px !important;}&#8221;]Gostou das dicas de como reduzir a <strong>pegada de carbono<\/strong> no teu neg\u00f3cio? Segue a nossa p\u00e1gina no <strong><a href=\"https:\/\/www.facebook.com\/grupopantojaportugal\/\">Facebook<\/a><\/strong>\u00a0e fica atento as novidades do setor da log\u00edstica e distribui\u00e7\u00e3o.[\/vc_column_text][\/vc_column][\/vc_row]<\/p>\n<\/div>","protected":false},"excerpt":{"rendered":"<p>[vc_row css_animation=&#8221;&#8221; row_type=&#8221;row&#8221; use_row_as_full_screen_section=&#8221;no&#8221; type=&#8221;full_width&#8221; angled_section=&#8221;no&#8221; text_align=&#8221;left&#8221; background_image_as_pattern=&#8221;without_pattern&#8221;][vc_column][vc_column_text] A\u00a0pegada de carbono \u00e9 um par\u00e2metro que calcula a emiss\u00e3o de carbono que uma empresa, pessoa, atividade, etc, emite na atmosfera. Muitas atividades do nosso quotidiano s\u00e3o respons\u00e1veis por grande quantidade de emiss\u00f5es atmosf\u00e9ricas que ocasionam problemas como, por exemplo, o efeito&#8230;<\/p>\n","protected":false},"author":10,"featured_media":8251,"comment_status":"open","ping_status":"open","sticky":false,"template":"","format":"standard","meta":{"_acf_changed":false,"footnotes":""},"categories":[6061,2475,2434,6063,5321,3165],"tags":[2445,2446,3205,2320,2578,2577],"class_list":["post-8247","post","type-post","status-publish","format-standard","has-post-thumbnail","hentry","category-actualidad-pt-pt","category-atualidade","category-logistica-pt-pt","category-categoria-responsabilidad-social-pt-pt","category-responsabilidade-social","category-transporte","tag-eshoradellegarmuylejos-pt-pt","tag-pantoja-pt-pt","tag-pantoja-portugal","tag-pantojagrupologistico-pt-pt","tag-portugal","tag-sustentabilidade"],"acf":[],"yoast_head":"<!-- This site is optimized with the Yoast SEO plugin v27.5 - https:\/\/yoast.com\/product\/yoast-seo-wordpress\/ -->\n<title>Pegada de carbono: como reduzir esse impacto no teu neg\u00f3cio -<\/title>\n<meta name=\"description\" content=\"A\u00a0pegada de carbono \u00e9 um par\u00e2metro que calcula a emiss\u00e3o de carbono que uma empresa, pessoa, atividade, etc, emite na atmosfera. Mas como podemos reduzir...\" \/>\n<meta name=\"robots\" content=\"index, follow, max-snippet:-1, max-image-preview:large, max-video-preview:-1\" \/>\n<link rel=\"canonical\" href=\"https:\/\/grupopantoja.com\/pt-pt\/pegada-de-carbono-como-reduzir-esse-impacto-no-teu-negocio\/\" \/>\n<meta property=\"og:locale\" content=\"pt_PT\" \/>\n<meta property=\"og:type\" content=\"article\" \/>\n<meta property=\"og:title\" content=\"Pegada de carbono: como reduzir esse impacto no teu neg\u00f3cio -\" \/>\n<meta property=\"og:description\" content=\"A\u00a0pegada de carbono \u00e9 um par\u00e2metro que calcula a emiss\u00e3o de carbono que uma empresa, pessoa, atividade, etc, emite na atmosfera. Mas como podemos reduzir...\" \/>\n<meta property=\"og:url\" content=\"https:\/\/grupopantoja.com\/pt-pt\/pegada-de-carbono-como-reduzir-esse-impacto-no-teu-negocio\/\" \/>\n<meta property=\"og:site_name\" content=\"PANTOJA Grupo Log\u00edstico\" \/>\n<meta property=\"article:publisher\" content=\"https:\/\/www.facebook.com\/grupopantoja\/\" \/>\n<meta property=\"article:published_time\" content=\"2020-02-19T01:00:37+00:00\" \/>\n<meta property=\"article:modified_time\" content=\"2023-01-17T13:19:06+00:00\" \/>\n<meta property=\"og:image\" content=\"https:\/\/grupopantoja.com\/wp-content\/uploads\/2020\/01\/Design-sem-nome-2-1.png\" \/>\n\t<meta property=\"og:image:width\" content=\"800\" \/>\n\t<meta property=\"og:image:height\" content=\"800\" \/>\n\t<meta property=\"og:image:type\" content=\"image\/png\" \/>\n<meta name=\"author\" content=\"Dpto Comunicacion y Marketing\" \/>\n<meta name=\"twitter:card\" content=\"summary_large_image\" \/>\n<meta name=\"twitter:creator\" content=\"@pantoja_grupo\" \/>\n<meta name=\"twitter:site\" content=\"@pantoja_grupo\" \/>\n<meta name=\"twitter:label1\" content=\"Escrito por\" \/>\n\t<meta name=\"twitter:data1\" content=\"Dpto Comunicacion y Marketing\" \/>\n\t<meta name=\"twitter:label2\" content=\"Tempo estimado de leitura\" \/>\n\t<meta name=\"twitter:data2\" content=\"2 minutos\" \/>\n<script type=\"application\/ld+json\" class=\"yoast-schema-graph\">{\"@context\":\"https:\\\/\\\/schema.org\",\"@graph\":[{\"@type\":\"Article\",\"@id\":\"https:\\\/\\\/grupopantoja.com\\\/pt-pt\\\/pegada-de-carbono-como-reduzir-esse-impacto-no-teu-negocio\\\/#article\",\"isPartOf\":{\"@id\":\"https:\\\/\\\/grupopantoja.com\\\/pt-pt\\\/pegada-de-carbono-como-reduzir-esse-impacto-no-teu-negocio\\\/\"},\"author\":{\"name\":\"Dpto Comunicacion y Marketing\",\"@id\":\"https:\\\/\\\/grupopantoja.com\\\/#\\\/schema\\\/person\\\/3737eb157921c51c2a2e4402c939a44f\"},\"headline\":\"Pegada de carbono: como reduzir esse impacto no teu neg\u00f3cio\",\"datePublished\":\"2020-02-19T01:00:37+00:00\",\"dateModified\":\"2023-01-17T13:19:06+00:00\",\"mainEntityOfPage\":{\"@id\":\"https:\\\/\\\/grupopantoja.com\\\/pt-pt\\\/pegada-de-carbono-como-reduzir-esse-impacto-no-teu-negocio\\\/\"},\"wordCount\":509,\"commentCount\":0,\"image\":{\"@id\":\"https:\\\/\\\/grupopantoja.com\\\/pt-pt\\\/pegada-de-carbono-como-reduzir-esse-impacto-no-teu-negocio\\\/#primaryimage\"},\"thumbnailUrl\":\"https:\\\/\\\/grupopantoja.com\\\/wp-content\\\/uploads\\\/2020\\\/01\\\/Design-sem-nome-2-1.png\",\"keywords\":[\"eshoradellegarmuylejos\",\"pantoja\",\"pantoja portugal\",\"pantojagrupolog\u00edstico\",\"Portugal\",\"Sustentabilidade\"],\"articleSection\":[\"Actualidad\",\"Atualidade\",\"Log\u00edstica\",\"Responsabilidad Social\",\"Responsabilidade Social\",\"Transporte\"],\"inLanguage\":\"pt-PT\",\"potentialAction\":[{\"@type\":\"CommentAction\",\"name\":\"Comment\",\"target\":[\"https:\\\/\\\/grupopantoja.com\\\/pt-pt\\\/pegada-de-carbono-como-reduzir-esse-impacto-no-teu-negocio\\\/#respond\"]}]},{\"@type\":\"WebPage\",\"@id\":\"https:\\\/\\\/grupopantoja.com\\\/pt-pt\\\/pegada-de-carbono-como-reduzir-esse-impacto-no-teu-negocio\\\/\",\"url\":\"https:\\\/\\\/grupopantoja.com\\\/pt-pt\\\/pegada-de-carbono-como-reduzir-esse-impacto-no-teu-negocio\\\/\",\"name\":\"Pegada de carbono: como reduzir esse impacto no teu neg\u00f3cio -\",\"isPartOf\":{\"@id\":\"https:\\\/\\\/grupopantoja.com\\\/#website\"},\"primaryImageOfPage\":{\"@id\":\"https:\\\/\\\/grupopantoja.com\\\/pt-pt\\\/pegada-de-carbono-como-reduzir-esse-impacto-no-teu-negocio\\\/#primaryimage\"},\"image\":{\"@id\":\"https:\\\/\\\/grupopantoja.com\\\/pt-pt\\\/pegada-de-carbono-como-reduzir-esse-impacto-no-teu-negocio\\\/#primaryimage\"},\"thumbnailUrl\":\"https:\\\/\\\/grupopantoja.com\\\/wp-content\\\/uploads\\\/2020\\\/01\\\/Design-sem-nome-2-1.png\",\"datePublished\":\"2020-02-19T01:00:37+00:00\",\"dateModified\":\"2023-01-17T13:19:06+00:00\",\"author\":{\"@id\":\"https:\\\/\\\/grupopantoja.com\\\/#\\\/schema\\\/person\\\/3737eb157921c51c2a2e4402c939a44f\"},\"description\":\"A\u00a0pegada de carbono \u00e9 um par\u00e2metro que calcula a emiss\u00e3o de carbono que uma empresa, pessoa, atividade, etc, emite na atmosfera. Mas como podemos reduzir...\",\"breadcrumb\":{\"@id\":\"https:\\\/\\\/grupopantoja.com\\\/pt-pt\\\/pegada-de-carbono-como-reduzir-esse-impacto-no-teu-negocio\\\/#breadcrumb\"},\"inLanguage\":\"pt-PT\",\"potentialAction\":[{\"@type\":\"ReadAction\",\"target\":[\"https:\\\/\\\/grupopantoja.com\\\/pt-pt\\\/pegada-de-carbono-como-reduzir-esse-impacto-no-teu-negocio\\\/\"]}]},{\"@type\":\"ImageObject\",\"inLanguage\":\"pt-PT\",\"@id\":\"https:\\\/\\\/grupopantoja.com\\\/pt-pt\\\/pegada-de-carbono-como-reduzir-esse-impacto-no-teu-negocio\\\/#primaryimage\",\"url\":\"https:\\\/\\\/grupopantoja.com\\\/wp-content\\\/uploads\\\/2020\\\/01\\\/Design-sem-nome-2-1.png\",\"contentUrl\":\"https:\\\/\\\/grupopantoja.com\\\/wp-content\\\/uploads\\\/2020\\\/01\\\/Design-sem-nome-2-1.png\",\"width\":800,\"height\":800,\"caption\":\"pegada de carbono na empresa\"},{\"@type\":\"BreadcrumbList\",\"@id\":\"https:\\\/\\\/grupopantoja.com\\\/pt-pt\\\/pegada-de-carbono-como-reduzir-esse-impacto-no-teu-negocio\\\/#breadcrumb\",\"itemListElement\":[{\"@type\":\"ListItem\",\"position\":1,\"name\":\"Portada\",\"item\":\"https:\\\/\\\/grupopantoja.com\\\/pt-pt\\\/\"},{\"@type\":\"ListItem\",\"position\":2,\"name\":\"Pegada de carbono: como reduzir esse impacto no teu neg\u00f3cio\"}]},{\"@type\":\"WebSite\",\"@id\":\"https:\\\/\\\/grupopantoja.com\\\/#website\",\"url\":\"https:\\\/\\\/grupopantoja.com\\\/\",\"name\":\"PANTOJA Grupo Log\u00edstico\",\"description\":\"Transporte por carretera y log\u00edstica integral\",\"potentialAction\":[{\"@type\":\"SearchAction\",\"target\":{\"@type\":\"EntryPoint\",\"urlTemplate\":\"https:\\\/\\\/grupopantoja.com\\\/?s={search_term_string}\"},\"query-input\":{\"@type\":\"PropertyValueSpecification\",\"valueRequired\":true,\"valueName\":\"search_term_string\"}}],\"inLanguage\":\"pt-PT\"},{\"@type\":\"Person\",\"@id\":\"https:\\\/\\\/grupopantoja.com\\\/#\\\/schema\\\/person\\\/3737eb157921c51c2a2e4402c939a44f\",\"name\":\"Dpto Comunicacion y Marketing\",\"image\":{\"@type\":\"ImageObject\",\"inLanguage\":\"pt-PT\",\"@id\":\"https:\\\/\\\/secure.gravatar.com\\\/avatar\\\/1ca5c09f705c3f94933b781f28f3b7b65b5e154f8f457535eca590f427799cfc?s=96&d=identicon&r=g\",\"url\":\"https:\\\/\\\/secure.gravatar.com\\\/avatar\\\/1ca5c09f705c3f94933b781f28f3b7b65b5e154f8f457535eca590f427799cfc?s=96&d=identicon&r=g\",\"contentUrl\":\"https:\\\/\\\/secure.gravatar.com\\\/avatar\\\/1ca5c09f705c3f94933b781f28f3b7b65b5e154f8f457535eca590f427799cfc?s=96&d=identicon&r=g\",\"caption\":\"Dpto Comunicacion y Marketing\"},\"url\":\"https:\\\/\\\/grupopantoja.com\\\/pt-pt\\\/author\\\/alfonso-2022-pantoja\\\/\"}]}<\/script>\n<!-- \/ Yoast SEO plugin. -->","yoast_head_json":{"title":"Pegada de carbono: como reduzir esse impacto no teu neg\u00f3cio -","description":"A\u00a0pegada de carbono \u00e9 um par\u00e2metro que calcula a emiss\u00e3o de carbono que uma empresa, pessoa, atividade, etc, emite na atmosfera. Mas como podemos reduzir...","robots":{"index":"index","follow":"follow","max-snippet":"max-snippet:-1","max-image-preview":"max-image-preview:large","max-video-preview":"max-video-preview:-1"},"canonical":"https:\/\/grupopantoja.com\/pt-pt\/pegada-de-carbono-como-reduzir-esse-impacto-no-teu-negocio\/","og_locale":"pt_PT","og_type":"article","og_title":"Pegada de carbono: como reduzir esse impacto no teu neg\u00f3cio -","og_description":"A\u00a0pegada de carbono \u00e9 um par\u00e2metro que calcula a emiss\u00e3o de carbono que uma empresa, pessoa, atividade, etc, emite na atmosfera. Mas como podemos reduzir...","og_url":"https:\/\/grupopantoja.com\/pt-pt\/pegada-de-carbono-como-reduzir-esse-impacto-no-teu-negocio\/","og_site_name":"PANTOJA Grupo Log\u00edstico","article_publisher":"https:\/\/www.facebook.com\/grupopantoja\/","article_published_time":"2020-02-19T01:00:37+00:00","article_modified_time":"2023-01-17T13:19:06+00:00","og_image":[{"width":800,"height":800,"url":"https:\/\/grupopantoja.com\/wp-content\/uploads\/2020\/01\/Design-sem-nome-2-1.png","type":"image\/png"}],"author":"Dpto Comunicacion y Marketing","twitter_card":"summary_large_image","twitter_creator":"@pantoja_grupo","twitter_site":"@pantoja_grupo","twitter_misc":{"Escrito por":"Dpto Comunicacion y Marketing","Tempo estimado de leitura":"2 minutos"},"schema":{"@context":"https:\/\/schema.org","@graph":[{"@type":"Article","@id":"https:\/\/grupopantoja.com\/pt-pt\/pegada-de-carbono-como-reduzir-esse-impacto-no-teu-negocio\/#article","isPartOf":{"@id":"https:\/\/grupopantoja.com\/pt-pt\/pegada-de-carbono-como-reduzir-esse-impacto-no-teu-negocio\/"},"author":{"name":"Dpto Comunicacion y Marketing","@id":"https:\/\/grupopantoja.com\/#\/schema\/person\/3737eb157921c51c2a2e4402c939a44f"},"headline":"Pegada de carbono: como reduzir esse impacto no teu neg\u00f3cio","datePublished":"2020-02-19T01:00:37+00:00","dateModified":"2023-01-17T13:19:06+00:00","mainEntityOfPage":{"@id":"https:\/\/grupopantoja.com\/pt-pt\/pegada-de-carbono-como-reduzir-esse-impacto-no-teu-negocio\/"},"wordCount":509,"commentCount":0,"image":{"@id":"https:\/\/grupopantoja.com\/pt-pt\/pegada-de-carbono-como-reduzir-esse-impacto-no-teu-negocio\/#primaryimage"},"thumbnailUrl":"https:\/\/grupopantoja.com\/wp-content\/uploads\/2020\/01\/Design-sem-nome-2-1.png","keywords":["eshoradellegarmuylejos","pantoja","pantoja portugal","pantojagrupolog\u00edstico","Portugal","Sustentabilidade"],"articleSection":["Actualidad","Atualidade","Log\u00edstica","Responsabilidad Social","Responsabilidade Social","Transporte"],"inLanguage":"pt-PT","potentialAction":[{"@type":"CommentAction","name":"Comment","target":["https:\/\/grupopantoja.com\/pt-pt\/pegada-de-carbono-como-reduzir-esse-impacto-no-teu-negocio\/#respond"]}]},{"@type":"WebPage","@id":"https:\/\/grupopantoja.com\/pt-pt\/pegada-de-carbono-como-reduzir-esse-impacto-no-teu-negocio\/","url":"https:\/\/grupopantoja.com\/pt-pt\/pegada-de-carbono-como-reduzir-esse-impacto-no-teu-negocio\/","name":"Pegada de carbono: como reduzir esse impacto no teu neg\u00f3cio -","isPartOf":{"@id":"https:\/\/grupopantoja.com\/#website"},"primaryImageOfPage":{"@id":"https:\/\/grupopantoja.com\/pt-pt\/pegada-de-carbono-como-reduzir-esse-impacto-no-teu-negocio\/#primaryimage"},"image":{"@id":"https:\/\/grupopantoja.com\/pt-pt\/pegada-de-carbono-como-reduzir-esse-impacto-no-teu-negocio\/#primaryimage"},"thumbnailUrl":"https:\/\/grupopantoja.com\/wp-content\/uploads\/2020\/01\/Design-sem-nome-2-1.png","datePublished":"2020-02-19T01:00:37+00:00","dateModified":"2023-01-17T13:19:06+00:00","author":{"@id":"https:\/\/grupopantoja.com\/#\/schema\/person\/3737eb157921c51c2a2e4402c939a44f"},"description":"A\u00a0pegada de carbono \u00e9 um par\u00e2metro que calcula a emiss\u00e3o de carbono que uma empresa, pessoa, atividade, etc, emite na atmosfera. Mas como podemos reduzir...","breadcrumb":{"@id":"https:\/\/grupopantoja.com\/pt-pt\/pegada-de-carbono-como-reduzir-esse-impacto-no-teu-negocio\/#breadcrumb"},"inLanguage":"pt-PT","potentialAction":[{"@type":"ReadAction","target":["https:\/\/grupopantoja.com\/pt-pt\/pegada-de-carbono-como-reduzir-esse-impacto-no-teu-negocio\/"]}]},{"@type":"ImageObject","inLanguage":"pt-PT","@id":"https:\/\/grupopantoja.com\/pt-pt\/pegada-de-carbono-como-reduzir-esse-impacto-no-teu-negocio\/#primaryimage","url":"https:\/\/grupopantoja.com\/wp-content\/uploads\/2020\/01\/Design-sem-nome-2-1.png","contentUrl":"https:\/\/grupopantoja.com\/wp-content\/uploads\/2020\/01\/Design-sem-nome-2-1.png","width":800,"height":800,"caption":"pegada de carbono na empresa"},{"@type":"BreadcrumbList","@id":"https:\/\/grupopantoja.com\/pt-pt\/pegada-de-carbono-como-reduzir-esse-impacto-no-teu-negocio\/#breadcrumb","itemListElement":[{"@type":"ListItem","position":1,"name":"Portada","item":"https:\/\/grupopantoja.com\/pt-pt\/"},{"@type":"ListItem","position":2,"name":"Pegada de carbono: como reduzir esse impacto no teu neg\u00f3cio"}]},{"@type":"WebSite","@id":"https:\/\/grupopantoja.com\/#website","url":"https:\/\/grupopantoja.com\/","name":"PANTOJA Grupo Log\u00edstico","description":"Transporte por carretera y log\u00edstica integral","potentialAction":[{"@type":"SearchAction","target":{"@type":"EntryPoint","urlTemplate":"https:\/\/grupopantoja.com\/?s={search_term_string}"},"query-input":{"@type":"PropertyValueSpecification","valueRequired":true,"valueName":"search_term_string"}}],"inLanguage":"pt-PT"},{"@type":"Person","@id":"https:\/\/grupopantoja.com\/#\/schema\/person\/3737eb157921c51c2a2e4402c939a44f","name":"Dpto Comunicacion y Marketing","image":{"@type":"ImageObject","inLanguage":"pt-PT","@id":"https:\/\/secure.gravatar.com\/avatar\/1ca5c09f705c3f94933b781f28f3b7b65b5e154f8f457535eca590f427799cfc?s=96&d=identicon&r=g","url":"https:\/\/secure.gravatar.com\/avatar\/1ca5c09f705c3f94933b781f28f3b7b65b5e154f8f457535eca590f427799cfc?s=96&d=identicon&r=g","contentUrl":"https:\/\/secure.gravatar.com\/avatar\/1ca5c09f705c3f94933b781f28f3b7b65b5e154f8f457535eca590f427799cfc?s=96&d=identicon&r=g","caption":"Dpto Comunicacion y Marketing"},"url":"https:\/\/grupopantoja.com\/pt-pt\/author\/alfonso-2022-pantoja\/"}]}},"_links":{"self":[{"href":"https:\/\/grupopantoja.com\/pt-pt\/wp-json\/wp\/v2\/posts\/8247","targetHints":{"allow":["GET"]}}],"collection":[{"href":"https:\/\/grupopantoja.com\/pt-pt\/wp-json\/wp\/v2\/posts"}],"about":[{"href":"https:\/\/grupopantoja.com\/pt-pt\/wp-json\/wp\/v2\/types\/post"}],"author":[{"embeddable":true,"href":"https:\/\/grupopantoja.com\/pt-pt\/wp-json\/wp\/v2\/users\/10"}],"replies":[{"embeddable":true,"href":"https:\/\/grupopantoja.com\/pt-pt\/wp-json\/wp\/v2\/comments?post=8247"}],"version-history":[{"count":1,"href":"https:\/\/grupopantoja.com\/pt-pt\/wp-json\/wp\/v2\/posts\/8247\/revisions"}],"predecessor-version":[{"id":21422,"href":"https:\/\/grupopantoja.com\/pt-pt\/wp-json\/wp\/v2\/posts\/8247\/revisions\/21422"}],"wp:featuredmedia":[{"embeddable":true,"href":"https:\/\/grupopantoja.com\/pt-pt\/wp-json\/wp\/v2\/media\/8251"}],"wp:attachment":[{"href":"https:\/\/grupopantoja.com\/pt-pt\/wp-json\/wp\/v2\/media?parent=8247"}],"wp:term":[{"taxonomy":"category","embeddable":true,"href":"https:\/\/grupopantoja.com\/pt-pt\/wp-json\/wp\/v2\/categories?post=8247"},{"taxonomy":"post_tag","embeddable":true,"href":"https:\/\/grupopantoja.com\/pt-pt\/wp-json\/wp\/v2\/tags?post=8247"}],"curies":[{"name":"wp","href":"https:\/\/api.w.org\/{rel}","templated":true}]}}